{"id":3196,"date":"2025-12-15T09:00:00","date_gmt":"2025-12-15T12:00:00","guid":{"rendered":"https:\/\/www.garboismelo.com.br\/?p=3196"},"modified":"2026-03-13T18:20:23","modified_gmt":"2026-03-13T21:20:23","slug":"participacao-de-fabio-gradel-no-seminario-compliance-em-foco-icrio","status":"publish","type":"post","link":"https:\/\/www.garboismelo.com.br\/en\/participacao-de-fabio-gradel-no-seminario-compliance-em-foco-icrio\/","title":{"rendered":"PARTICIPA\u00c7\u00c3O DE FABIO GRADEL NO SEMIN\u00c1RIO COMPLIANCE EM FOCO &#8211; ICRIO"},"content":{"rendered":"<p>Nosso s\u00f3cio de Compliance, Fabio Gradel, participou nesta \u00faltima quarta-feira (10\/12) do Semin\u00e1rio Compliance em Foco do ICRio &#8211; Instituto Compliance Rio, do qual \u00e9 membro do Conselho Deliberativo e l\u00edder do Grupo de Trabalho de Tecnologia e Compliance.<\/p>\n\n\n\n<p>O painel liderado por Fabio, sob o t\u00edtulo &#8220;Desafios do uso da IA por operadores de Direito &#8211; vis\u00e3o dos setores p\u00fablico e privado&#8221;, teve a participa\u00e7\u00e3o da professora e pesquisadora da UFF \/ FGV Justi\u00e7a Renata Braga, apresentando ampla pesquisa sobre ferramentas de IA em uso e implementa\u00e7\u00e3o nos tribunais brasileiros; da Ju\u00edza do TJ\/RJ Flavia Castro, que discorreu sobre o conceito de &#8220;Justi\u00e7a Algor\u00edtmica&#8221;; de John Valentin, especialista em Governan\u00e7a Corporativa e Gest\u00e3o de Riscos no setor financeiro e de tecnologia, com o tema &#8220;Uso Respons\u00e1vel da IA no Setor Privado&#8221;; e Carolina Furtado, gerente de Compliance da Axia Energia , apresentando um caso pr\u00e1tico de uso da IA no Monitoramento do Programa de Compliance.<\/p>\n\n\n\n<p>O debate atraiu um p\u00fablico qualificado e gerou reflex\u00f5es essenciais sobre o uso \u00e9tico e respons\u00e1vel da IA no ecossistema jur\u00eddico. Foram compartilhadas experi\u00eancias valiosas e perspectivas complementares, refor\u00e7ando a import\u00e2ncia de aproximar conhecimento acad\u00eamico, setor p\u00fablico e mercado privado para enfrentar os desafios tecnol\u00f3gicos que j\u00e1 moldam o presente da profiss\u00e3o.<\/p>","protected":false},"excerpt":{"rendered":"<p>Nosso s\u00f3cio de Compliance, Fabio Gradel, participou nesta \u00faltima quarta-feira (10\/12) do Semin\u00e1rio Compliance em Foco do ICRio &#8211; Instituto Compliance Rio, do qual \u00e9 membro do Conselho Deliberativo e l\u00edder do Grupo de Trabalho de Tecnologia e Compliance.<\/p>","protected":false},"author":4,"featured_media":3197,"comment_status":"closed","ping_status":"open","sticky":false,"template":"","format":"standard","meta":{"_acf_changed":false,"_vp_format_video_url":"","_vp_image_focal_point":[],"footnotes":""},"categories":[51],"tags":[],"class_list":["post-3196","post","type-post","status-publish","format-standard","has-post-thumbnail","hentry","category-gm-news"],"acf":[],"_links":{"self":[{"href":"https:\/\/www.garboismelo.com.br\/en\/wp-json\/wp\/v2\/posts\/3196","targetHints":{"allow":["GET"]}}],"collection":[{"href":"https:\/\/www.garboismelo.com.br\/en\/wp-json\/wp\/v2\/posts"}],"about":[{"href":"https:\/\/www.garboismelo.com.br\/en\/wp-json\/wp\/v2\/types\/post"}],"author":[{"embeddable":true,"href":"https:\/\/www.garboismelo.com.br\/en\/wp-json\/wp\/v2\/users\/4"}],"replies":[{"embeddable":true,"href":"https:\/\/www.garboismelo.com.br\/en\/wp-json\/wp\/v2\/comments?post=3196"}],"version-history":[{"count":1,"href":"https:\/\/www.garboismelo.com.br\/en\/wp-json\/wp\/v2\/posts\/3196\/revisions"}],"predecessor-version":[{"id":3198,"href":"https:\/\/www.garboismelo.com.br\/en\/wp-json\/wp\/v2\/posts\/3196\/revisions\/3198"}],"wp:featuredmedia":[{"embeddable":true,"href":"https:\/\/www.garboismelo.com.br\/en\/wp-json\/wp\/v2\/media\/3197"}],"wp:attachment":[{"href":"https:\/\/www.garboismelo.com.br\/en\/wp-json\/wp\/v2\/media?parent=3196"}],"wp:term":[{"taxonomy":"category","embeddable":true,"href":"https:\/\/www.garboismelo.com.br\/en\/wp-json\/wp\/v2\/categories?post=3196"},{"taxonomy":"post_tag","embeddable":true,"href":"https:\/\/www.garboismelo.com.br\/en\/wp-json\/wp\/v2\/tags?post=3196"}],"curies":[{"name":"wp","href":"https:\/\/api.w.org\/{rel}","templated":true}]}}