{"id":3193,"date":"2025-12-10T09:00:00","date_gmt":"2025-12-10T12:00:00","guid":{"rendered":"https:\/\/www.garboismelo.com.br\/?p=3193"},"modified":"2026-03-13T18:24:07","modified_gmt":"2026-03-13T21:24:07","slug":"carf-aprova-novos-enunciados-de-sumula","status":"publish","type":"post","link":"https:\/\/www.garboismelo.com.br\/en\/carf-aprova-novos-enunciados-de-sumula\/","title":{"rendered":"CARF APROVA NOVOS ENUNCIADOS DE S\u00daMULA"},"content":{"rendered":"<p>A C\u00e2mara Superior de Recursos Fiscais do CARF aprovou quatro novos enunciados de s\u00famula a nortearam o contencioso administrativo tribut\u00e1rio federal, consolidando entendimentos sobre IPI, PIS e COFINS.<\/p>\n\n\n\n<p>Nesse sentido, pela S\u00famula n\u00ba 242, o CARF fixou a ado\u00e7\u00e3o do crit\u00e9rio f\u00edsico para o creditamento de insumos de IPI, exigindo consumo imediato e integral ou incorpora\u00e7\u00e3o f\u00edsica ao produto final.<\/p>\n\n\n\n<p>J\u00e1 pela S\u00famula n\u00ba 243, foram reconhecidos os cr\u00e9ditos de PIS\/COFINS n\u00e3o cumulativos sobre o servi\u00e7o de capatazia e estiva vinculados \u00e0 importa\u00e7\u00e3o de insumos, desde que contratados de forma aut\u00f4noma \u00e0 pr\u00f3pria importa\u00e7\u00e3o e realizados por empresas brasileiras.<\/p>\n\n\n\n<p>Nas S\u00famulas n\u00bas 244 e 245, por sua vez, reconheceram o direito ao cr\u00e9dito de PIS\/COFINS sobre a aquisi\u00e7\u00e3o de EPIs essenciais ao processo produtivo ou de uso obrigat\u00f3rio, e negaram cr\u00e9ditos dos mesmos tributos sobre o frete para revenda de produtos sujeitos a tributa\u00e7\u00e3o concentrada \u2013 excetuando a hip\u00f3tese em que a aquisi\u00e7\u00e3o seja feita de importador, produtor ou fabricante dos itens.<\/p>\n\n\n\n<p>Nossa equipe tribut\u00e1ria est\u00e1 \u00e0 disposi\u00e7\u00e3o para quaisquer d\u00favidas decorrentes destes novos enunciados.<\/p>","protected":false},"excerpt":{"rendered":"<p>A C\u00e2mara Superior de Recursos Fiscais do CARF aprovou quatro novos enunciados de s\u00famula a nortearam o contencioso administrativo tribut\u00e1rio federal, consolidando entendimentos sobre IPI, PIS e COFINS.<\/p>","protected":false},"author":4,"featured_media":3199,"comment_status":"closed","ping_status":"open","sticky":false,"template":"","format":"standard","meta":{"_acf_changed":false,"_vp_format_video_url":"","_vp_image_focal_point":[],"footnotes":""},"categories":[36],"tags":[],"class_list":["post-3193","post","type-post","status-publish","format-standard","has-post-thumbnail","hentry","category-radar"],"acf":[],"_links":{"self":[{"href":"https:\/\/www.garboismelo.com.br\/en\/wp-json\/wp\/v2\/posts\/3193","targetHints":{"allow":["GET"]}}],"collection":[{"href":"https:\/\/www.garboismelo.com.br\/en\/wp-json\/wp\/v2\/posts"}],"about":[{"href":"https:\/\/www.garboismelo.com.br\/en\/wp-json\/wp\/v2\/types\/post"}],"author":[{"embeddable":true,"href":"https:\/\/www.garboismelo.com.br\/en\/wp-json\/wp\/v2\/users\/4"}],"replies":[{"embeddable":true,"href":"https:\/\/www.garboismelo.com.br\/en\/wp-json\/wp\/v2\/comments?post=3193"}],"version-history":[{"count":1,"href":"https:\/\/www.garboismelo.com.br\/en\/wp-json\/wp\/v2\/posts\/3193\/revisions"}],"predecessor-version":[{"id":3200,"href":"https:\/\/www.garboismelo.com.br\/en\/wp-json\/wp\/v2\/posts\/3193\/revisions\/3200"}],"wp:featuredmedia":[{"embeddable":true,"href":"https:\/\/www.garboismelo.com.br\/en\/wp-json\/wp\/v2\/media\/3199"}],"wp:attachment":[{"href":"https:\/\/www.garboismelo.com.br\/en\/wp-json\/wp\/v2\/media?parent=3193"}],"wp:term":[{"taxonomy":"category","embeddable":true,"href":"https:\/\/www.garboismelo.com.br\/en\/wp-json\/wp\/v2\/categories?post=3193"},{"taxonomy":"post_tag","embeddable":true,"href":"https:\/\/www.garboismelo.com.br\/en\/wp-json\/wp\/v2\/tags?post=3193"}],"curies":[{"name":"wp","href":"https:\/\/api.w.org\/{rel}","templated":true}]}}