{"id":3190,"date":"2026-03-05T09:00:35","date_gmt":"2026-03-05T12:00:35","guid":{"rendered":"https:\/\/www.garboismelo.com.br\/?p=3190"},"modified":"2026-03-13T18:11:09","modified_gmt":"2026-03-13T21:11:09","slug":"danielle-vilardo-integra-comissao-de-assuntos-normativos-e-judiciais-tributarios-da-oab-rj","status":"publish","type":"post","link":"https:\/\/www.garboismelo.com.br\/en\/danielle-vilardo-integra-comissao-de-assuntos-normativos-e-judiciais-tributarios-da-oab-rj\/","title":{"rendered":"DANIELLE VILARDO INTEGRA COMISS\u00c3O DE ASSUNTOS NORMATIVOS E JUDICIAIS TRIBUT\u00c1RIOS DA OAB-RJ"},"content":{"rendered":"<p>A advogada <strong>Danielle Vilardo<\/strong> passou a integrar a Comiss\u00e3o de Assuntos Normativos e Judiciais Tribut\u00e1rios da\u00a0OAB-RJ.<\/p>\n\n\n\n<p>Em tempos de profundas transforma\u00e7\u00f5es na \u00e1rea tribut\u00e1ria, acreditamos que a participa\u00e7\u00e3o ativa em debates t\u00e9cnicos e institucionais torna-se ainda mais relevante, com objetivo de contribuirmos para o aprimoramento do sistema tribut\u00e1rio brasileiro e fortalecimento da advocacia.<\/p>","protected":false},"excerpt":{"rendered":"<p>A advogada Danielle Vilardo passou a integrar a Comiss\u00e3o de Assuntos Normativos e Judiciais Tribut\u00e1rios da\u00a0OAB-RJ. Em tempos de profundas transforma\u00e7\u00f5es na \u00e1rea tribut\u00e1ria, acreditamos que a participa\u00e7\u00e3o ativa em debates t\u00e9cnicos e institucionais torna-se ainda mais relevante, com objetivo de contribuirmos para o aprimoramento do sistema tribut\u00e1rio brasileiro e fortalecimento da advocacia.<\/p>","protected":false},"author":4,"featured_media":3191,"comment_status":"closed","ping_status":"open","sticky":false,"template":"","format":"standard","meta":{"_acf_changed":false,"_vp_format_video_url":"","_vp_image_focal_point":[],"footnotes":""},"categories":[51],"tags":[],"class_list":["post-3190","post","type-post","status-publish","format-standard","has-post-thumbnail","hentry","category-gm-news"],"acf":[],"_links":{"self":[{"href":"https:\/\/www.garboismelo.com.br\/en\/wp-json\/wp\/v2\/posts\/3190","targetHints":{"allow":["GET"]}}],"collection":[{"href":"https:\/\/www.garboismelo.com.br\/en\/wp-json\/wp\/v2\/posts"}],"about":[{"href":"https:\/\/www.garboismelo.com.br\/en\/wp-json\/wp\/v2\/types\/post"}],"author":[{"embeddable":true,"href":"https:\/\/www.garboismelo.com.br\/en\/wp-json\/wp\/v2\/users\/4"}],"replies":[{"embeddable":true,"href":"https:\/\/www.garboismelo.com.br\/en\/wp-json\/wp\/v2\/comments?post=3190"}],"version-history":[{"count":1,"href":"https:\/\/www.garboismelo.com.br\/en\/wp-json\/wp\/v2\/posts\/3190\/revisions"}],"predecessor-version":[{"id":3192,"href":"https:\/\/www.garboismelo.com.br\/en\/wp-json\/wp\/v2\/posts\/3190\/revisions\/3192"}],"wp:featuredmedia":[{"embeddable":true,"href":"https:\/\/www.garboismelo.com.br\/en\/wp-json\/wp\/v2\/media\/3191"}],"wp:attachment":[{"href":"https:\/\/www.garboismelo.com.br\/en\/wp-json\/wp\/v2\/media?parent=3190"}],"wp:term":[{"taxonomy":"category","embeddable":true,"href":"https:\/\/www.garboismelo.com.br\/en\/wp-json\/wp\/v2\/categories?post=3190"},{"taxonomy":"post_tag","embeddable":true,"href":"https:\/\/www.garboismelo.com.br\/en\/wp-json\/wp\/v2\/tags?post=3190"}],"curies":[{"name":"wp","href":"https:\/\/api.w.org\/{rel}","templated":true}]}}